{"id":34813,"date":"2021-11-03T11:10:20","date_gmt":"2021-11-03T08:10:20","guid":{"rendered":"https:\/\/serialreaders.com\/blog\/?p=34813"},"modified":"2021-11-03T11:10:21","modified_gmt":"2021-11-03T08:10:21","slug":"virginie-grimaldi-fericirea-este-sub-ochii-nostri","status":"publish","type":"post","link":"https:\/\/serialreaders.com\/blog\/virginie-grimaldi-fericirea-este-sub-ochii-nostri\/","title":{"rendered":"Virginie Grimaldi: \u201dFericirea este sub ochii no\u0219tri\u201d"},"content":{"rendered":"\n<p> \u00cemi place s\u0103 cred c\u0103 dac\u0103 nu ar fi fost perioada aceasta&#8230; aparte, s\u0103-i zicem, ca s\u0103 nu ne stric\u0103m zen-ul, a\u0219 fi avut ocazia, poate, s\u0103 o cunosc personal pe <a href=\"https:\/\/serialreaders.com\/5692-biografie-virginie-grimaldi.html\" target=\"_blank\" rel=\"noreferrer noopener\" aria-label=\"Virginie Grimaldi (opens in a new tab)\">Virginie Grimaldi<\/a>, noua mea feble\u021be literar\u0103. P\u00e2n\u0103 c\u00e2nd ne vom \u00eent\u00e2lni \u2013 doar nu credea\u021bi c\u0103 renun\u021b a\u0219a u\u0219or la dorin\u021bele mele \u2013 nu voi face altceva dec\u00e2t s\u0103 adun \u0219i mai multe motive pentru care s\u0103-i fiu recunosc\u0103toare. C\u0103r\u021bile ei mi-au \u021binut companie, m-au f\u0103cut s\u0103 r\u00e2d mai ceva ca un film de comedie dintr-\u0103la bun, m-au emo\u021bionat \u0219i m-au men\u021binut pe linia de plutire (\u0219i, adeseori, mult deasupra ei) fix c\u00e2nd aveam cea mai mare nevoie: \u00een anul de dizgra\u021bie 2020.<\/p>\n\n\n\n<p>\u0218i pentru c\u0103 la <a href=\"https:\/\/edituraunivers.ro\/\" target=\"_blank\" rel=\"noreferrer noopener\" aria-label=\"editura Univers  (opens in a new tab)\">editura Univers <\/a>este \u00een preg\u0103tire un nou roman de Virginie Grimaldi, m-am g\u00e2ndit c\u0103 este momentul oportun s\u0103 \u00eempart cu voi acest interviu pe care, p\u00e2n\u0103 acum, l-am p\u0103strat doar pentru mine. E drept, interviurile pe mail nu se compar\u0103 cu cele fa\u021b\u0103 \u00een fa\u021b\u0103, dar, cum spuneam, acesta este doar de \u00eenc\u0103lzire. Iar Virginie este minunat\u0103 oricum \u2013 dac\u0103 nu v\u0103 conving r\u00e2ndurile de mai jos, v\u0103 vor convinge, cu siguran\u021b\u0103, c\u0103r\u021bile ei, pe care insist cu t\u0103rie s\u0103 le citi\u021bi.&nbsp;<\/p>\n\n\n\n<p><strong>SR: <\/strong><strong><em>\u00cencep prin a-\u021bi m\u0103rturisi c\u0103 a\u0219 fi preferat ca aceast\u0103 discu\u021bie s\u0103 aib\u0103 loc fa\u021b\u0103 \u00een fa\u021b\u0103, \u00eentr-o libr\u0103rie cochet\u0103. Am impresia c\u0103 am fi avut multe de povestit: scrii exact a\u0219a cum mi-ar fi pl\u0103cut mie s\u0103 pot s\u0103 o fac. Eu tot sper c\u0103 o s\u0103 vii \u00een Rom\u00e2nia c\u00e2nd se vor mai calma pu\u021bin lucrurile.<\/em><\/strong><\/p>\n\n\n\n<p>\u00ce\u021bi mul\u021bumesc tare, cuvintele tale m\u0103 ating profund \u0219i sper c\u0103 \u00eentr-adev\u0103r vom avea ocazia s\u0103 ne \u00eent\u00e2lnim c\u00e2ndva, \u00eentr-o libr\u0103rie cochet\u0103, dup\u0103 cum ai zis. Profit \u0219i \u00ee\u021bi mul\u021bumesc \u0219i pentru aceste \u00eentreb\u0103ri &#8211; a fost o real\u0103 pl\u0103cere pentru mine s\u0103-\u021bi r\u0103spund. Sunt extrem de fericit\u0103 c\u00e2nd cuvintele mele traverseaz\u0103 frontiere \u0219i ajung, iat\u0103, p\u00e2n\u0103 \u00een Rom\u00e2nia, s\u0103 te \u00eent\u00e2lneasc\u0103.&nbsp;<\/p>\n\n\n\n<p><strong>SR:<\/strong><strong><em> Cum a fost perioada aceasta pentru tine? Te-a schimbat \u00een vreun fel pandemia? M\u0103 g\u00e2ndesc c\u0103 nu e obligatoriu. \u0218i, cel mai important, ai scris mai mult \u00een aceast\u0103 perioad\u0103?<\/em><\/strong><\/p>\n\n\n\n<p>Nu m\u0103 pot pl\u00e2nge, to\u021bi apropia\u021bii mei sunt bine, am fost doar u\u0219or afecta\u021bi de virus. Este o perioad\u0103 dificil\u0103 \u0219i, la fel ca toat\u0103 lumea, \u00eemi p\u0103strez speran\u021ba c\u0103 vom reveni la via\u021ba dinainte \u0219i c\u0103 ne vom reg\u0103si cu cei dragi.&nbsp;<\/p>\n\n\n\n<p>Am scris mult, scrisul a fost o form\u0103 de evadare pentru mine, o fereastr\u0103 c\u0103tre exterior. Dar nu mi-a fost u\u0219or, cu doi copii mici acas\u0103 \u00een permanen\u021b\u0103.<\/p>\n\n\n\n<figure class=\"wp-block-image\"><img loading=\"lazy\" decoding=\"async\" width=\"968\" height=\"1290\" src=\"https:\/\/serialreaders.com\/blog\/wp-content\/uploads\/2021\/11\/FB_IMG_1635884781840-968x1290.jpg\" alt=\"Carti Virginie Grimaldi\" class=\"wp-image-34820\" srcset=\"https:\/\/serialreaders.com\/blog\/wp-content\/uploads\/2021\/11\/FB_IMG_1635884781840-968x1290.jpg 968w, https:\/\/serialreaders.com\/blog\/wp-content\/uploads\/2021\/11\/FB_IMG_1635884781840-563x750.jpg 563w, https:\/\/serialreaders.com\/blog\/wp-content\/uploads\/2021\/11\/FB_IMG_1635884781840.jpg 1080w\" sizes=\"auto, (max-width: 968px) 100vw, 968px\" \/><\/figure>\n\n\n\n<p><strong>SR: <em>C\u0103r\u021bile tale \u00eemi par exemplul perfect de feel-good books \u0219i m-au ajutat s\u0103 trec cu bine peste zilele de carantin\u0103. Nu \u0219tiu dac\u0103 cititul poate s\u0103 schimbe vie\u021bi, dar \u0219tiu, cu certitudine, c\u0103 ajut\u0103 enorm la p\u0103strarea s\u0103n\u0103t\u0103\u021bii mintale. Episodul cu \u0219edin\u021ba de aerobic din <a href=\"https:\/\/serialreaders.com\/detalii-carte\/10331-o-sa-n%c8%9belegi-cand-o-sa-fii-mai-mare.html\" target=\"_blank\" rel=\"noreferrer noopener\" aria-label=\"\u201dO s\u0103-n\u021belegi c\u00e2nd o s\u0103 fii mai mare\u201d (opens in a new tab)\">\u201dO s\u0103-n\u021belegi c\u00e2nd o s\u0103 fii mai mare\u201d<\/a> este unul dintre cele mai amuzante, nu \u021bin minte c\u00e2nd am r\u00e2s ultima dat\u0103 cu at\u00e2ta poft\u0103 la o carte. Cum reu\u0219e\u0219ti s\u0103 g\u0103se\u0219ti echilibrul perfect \u00eentre temele serioase \u0219i stilul de scriere amuzant?<\/em><\/strong><\/p>\n\n\n\n<p>Mul\u021bumesc frumos! M\u0103 bucur c\u0103 \u021bi-am \u021binut companie \u00een aceast\u0103 perioad\u0103 de tot pl\u00e2nsul \u0219i c\u0103 te-am f\u0103cut s\u0103 r\u00e2zi. A\u0219a este firea mea, obi\u0219nuiesc s\u0103 r\u00e2d mult, mai ales c\u00e2nd subiectul este unul care m\u0103 atinge \u0219i cu care rezonez. Am un fundal anxios, iar acest umor m\u0103 ajut\u0103 s\u0103 tr\u0103iesc mai bine.<\/p>\n\n\n\n<p><strong>SR: <\/strong><strong><em>Ce \u021bi se pare mai u\u0219or \u2013 s\u0103-i faci pe cititori s\u0103 r\u00e2d\u0103 sau s\u0103 pl\u00e2ng\u0103? Scrii cu inten\u021bia de a provoca emo\u021bii puternice?<\/em><\/strong><\/p>\n\n\n\n<p>Nu m\u0103 g\u00e2ndesc con\u0219tient la acest aspect, dar eu \u00eens\u0103mi tr\u0103iesc multe emo\u021bii atunci c\u00e2nd scriu. Ce bine c\u0103 nu m\u0103 filmeaz\u0103 nimeni \u00een timp ce scriu, trec de la hohote de r\u00e2s la lacrimi, este ceva de speriat! \u00cemi este \u00eentotdeauna team\u0103 c\u0103 emo\u021biile mele nu vor ajunge la cititori, iar atunci c\u00e2nd se \u00eent\u00e2mpl\u0103, sunt teribil de mi\u0219cat\u0103. Este un fel de magie, o conexiune \u00eentre noi.<\/p>\n\n\n\n<p><strong>SR: <\/strong><strong><em>Cu ce carte le-ai recomanda s\u0103 \u00eenceap\u0103 cititorilor care nu te-au descoperit \u00eenc\u0103?<\/em><\/strong><\/p>\n\n\n\n<p>Dificil de zis, \u00eentruc\u00e2t fiecare cititor \u00ee\u0219i are preferata. Depinde de experien\u021bele \u0219i de sensibilitatea fiec\u0103ruia. Le recomand persoanelor dornice s\u0103 m\u0103 descopere s\u0103 citeasc\u0103 mai \u00eent\u00e2i descrierile c\u0103r\u021bilor \u0219i apoi s\u0103 \u00ee\u0219i asculte inima.&nbsp;<\/p>\n\n\n\n<figure class=\"wp-block-image\"><img loading=\"lazy\" decoding=\"async\" width=\"968\" height=\"1290\" src=\"https:\/\/serialreaders.com\/blog\/wp-content\/uploads\/2021\/11\/FB_IMG_1635884709208-968x1290.jpg\" alt=\"Parfumul fericirii\" class=\"wp-image-34819\" srcset=\"https:\/\/serialreaders.com\/blog\/wp-content\/uploads\/2021\/11\/FB_IMG_1635884709208-968x1290.jpg 968w, https:\/\/serialreaders.com\/blog\/wp-content\/uploads\/2021\/11\/FB_IMG_1635884709208-563x750.jpg 563w, https:\/\/serialreaders.com\/blog\/wp-content\/uploads\/2021\/11\/FB_IMG_1635884709208.jpg 1080w\" sizes=\"auto, (max-width: 968px) 100vw, 968px\" \/><\/figure>\n\n\n\n<p><strong>SR:<\/strong><strong><em> Ce roman \u021bi s-a p\u0103rut cel mai greu de scris \u0219i din ce motiv?<\/em><\/strong><\/p>\n\n\n\n<p>La fiecare nou roman declar c\u0103 a fost cel mai dificil de scris \u0219i toat\u0103 lumea r\u00e2de de mine, fiindc\u0103 am zis acela\u0219i lucru \u0219i la romanul precedent. Toate sunt greu de scris, pentru c\u0103 toate implic\u0103 o sondare ad\u00e2nc\u0103 \u00een emo\u021biile mele \u0219i pentru c\u0103 toate abordeaz\u0103 doar subiecte care m\u0103 bulverseaz\u0103. \u00ce\u021bi pot spune \u00eens\u0103 c\u0103 cel mai recent roman al meu,&nbsp;\u201cLes possibles\u201d, m-a f\u0103cut s\u0103 v\u0103rs multe lacrimi.<\/p>\n\n\n\n<p><strong>SR: <\/strong><strong><em>Titlurile romanelor tale sunt o poveste \u00een sine. Sunt curioas\u0103 cum le alegi \u0219i dac\u0103 ai titlul \u00een minte de la \u00eenceput sau \u00eel pui la final, c\u00e2nd ai terminat de scris.<\/em><\/strong><\/p>\n\n\n\n<p>\u00cen general, titlul \u00eemi apare c\u00e2nd \u00eencep s\u0103 scriu. Se impune, mi se dezv\u0103luie f\u0103r\u0103 ca eu s\u0103 \u00eel caut neap\u0103rat \u0219i, de cele mai multe ori, este evident.<\/p>\n\n\n\n<figure class=\"wp-block-image\"><img loading=\"lazy\" decoding=\"async\" width=\"686\" height=\"1290\" src=\"https:\/\/serialreaders.com\/blog\/wp-content\/uploads\/2021\/11\/foto-GRIMALDI-copyright-Guillaume-Bonnaud-686x1290.jpg\" alt=\"Virginie Grimaldi\" class=\"wp-image-34814\" srcset=\"https:\/\/serialreaders.com\/blog\/wp-content\/uploads\/2021\/11\/foto-GRIMALDI-copyright-Guillaume-Bonnaud-686x1290.jpg 686w, https:\/\/serialreaders.com\/blog\/wp-content\/uploads\/2021\/11\/foto-GRIMALDI-copyright-Guillaume-Bonnaud-399x750.jpg 399w, https:\/\/serialreaders.com\/blog\/wp-content\/uploads\/2021\/11\/foto-GRIMALDI-copyright-Guillaume-Bonnaud.jpg 1610w\" sizes=\"auto, (max-width: 686px) 100vw, 686px\" \/><figcaption><em>LE 15 SEPTEMBRE 2017\/ A LEOGNAN \/ VIRGINIE GRIMALDI \/ ECRIVAIN &#8211; Bonnaud Guillaume ( L\u00e9ognan )<\/em><\/figcaption><\/figure>\n\n\n\n<p><strong>SR:<\/strong><strong><em> Prin ceea ce scrii \u0219i transmi\u021bi \u0219i judec\u00e2nd dup\u0103 fotografiile \u00een care apari z\u00e2mbind de fiecare dat\u0103, \u00eemi la\u0219i impresia c\u0103 e\u0219ti o persoan\u0103 jovial\u0103 \u0219i optimist\u0103. Ce \u00eenseamn\u0103 fericirea pentru tine?<\/em><\/strong><\/p>\n\n\n\n<p>Sunt nostalgic\u0103 din fire, trecerea timpului m\u0103 sperie, a\u0219a c\u0103 \u00eencerc s\u0103 m\u0103 concentrez pe prezent. Sunt convins\u0103 c\u0103 fericirea se ascunde \u00een micile momente ale vie\u021bii de zi cu zi. R\u00e2setele copiilor mei, parfumul de iarb\u0103 proasp\u0103t t\u0103iat\u0103, o raz\u0103 de soare, clipele petrecute cu oameni pe care \u00eei iubesc. Acolo este fericirea, sub ochii no\u0219tri.<\/p>\n\n\n\n<p><strong>SR: <\/strong><strong><em>Este o adev\u0103rat\u0103 pl\u0103cere pentru mine s\u0103 citesc mul\u021bumirile de la finalul fiec\u0103rui roman. Ca cititor, m\u0103 simt cu at\u00e2t mai important \u0219i mai aproape de tine, ca autor, c\u00e2nd constat cu c\u00e2t aplomb le mul\u021bume\u0219ti cititorilor t\u0103i, de fiecare dat\u0103. \u0218i de fiecare dat\u0103 o faci \u00eentr-un mod diferit, f\u0103r\u0103 s\u0103 te repe\u021bi.<\/em><\/strong><\/p>\n\n\n\n<p>Acest lucru este esen\u021bial pentru mine. Mi-am dorit s\u0103 devin scriitoare \u00eenc\u0103 de c\u00e2nd eram mic copil. \u00cemi imaginam c\u0103 trebuie s\u0103 fie grozav s\u0103-\u021bi vezi numele pe coperta unei c\u0103r\u021bi \u0219i chiar este. Ceea ce nu mi-am imaginat niciodat\u0103 \u00eens\u0103 este c\u0103 ar exista ceva chiar mai minunat: leg\u0103tura cu cititorii. Aceasta este cea mai frumoas\u0103 parte a visului meu de feti\u021b\u0103. Simt c\u0103 sunte\u021bi parte din aceast\u0103 aventur\u0103 pe care o tr\u0103iesc, astfel c\u0103 mi se pare normal s\u0103 v\u0103 mul\u021bumesc c\u0103 \u00eemi sunte\u021bi al\u0103turi.<\/p>\n\n\n\n<p><strong>SR: <\/strong><strong><em>Am p\u0103strat pentru final \u00eentrebarea tradi\u021bional\u0103: ce cite\u0219ti \u00een acest moment (n.r.: \u201dacest moment\u201d se refer\u0103 la momentul \u00een care a fost realizat interviul \u0219i anume, aprilie 2021)? Ce sau pe cine ai citi oric\u00e2nd?<\/em><\/strong><\/p>\n\n\n\n<p>Scriitorul meu preferat este Romain Gary. \u00cei iubesc viziunea asupra vie\u021bii, sensibilitatea, umorul \u0219i stilul de scris. A\u0219 putea s\u0103 citesc <a href=\"https:\/\/serialreaders.com\/detalii-carte\/10689-ai-toata-via%c8%9ba-inainte.html\" target=\"_blank\" rel=\"noreferrer noopener\" aria-label=\"\u201dAi toat\u0103 via\u021ba \u00eenainte\u201d (opens in a new tab)\">\u201dAi toat\u0103 via\u021ba \u00eenainte\u201d<\/a> iar \u0219i iar, f\u0103r\u0103 s\u0103 m\u0103 satur vreodat\u0103.&nbsp;<\/p>\n\n\n\n<p>\u00cen acest moment citesc noul roman al lui Baptiste Beaulieu &#8211; \u201dCelle qu&#8220;il attendait\u201d\/ \u201dCea pe care o a\u0219tepta\u201d. \u00cel recomand din toat\u0103 inima!<\/p>\n\n\n\n<p style=\"text-align:center\">***<\/p>\n\n\n\n<p>Sper ca la finalul acestui interviu s\u0103 nu fiu singura care a\u0219teapt\u0103 cu ner\u0103bdare noul roman al lui Virginie Grimaldi (care, apropo, arat\u0103 superb, v\u0103 las coperta mai jos) \u0219i mai sper s\u0103 \u00eemi da\u021bi dreptate dup\u0103 ce termina\u021bi de citit orice titlu de-al ei v-ar pica \u00een m\u00e2n\u0103: este minunat\u0103! Spor la citit!<\/p>\n\n\n\n<figure class=\"wp-block-image\"><img loading=\"lazy\" decoding=\"async\" width=\"1290\" height=\"647\" src=\"https:\/\/serialreaders.com\/blog\/wp-content\/uploads\/2021\/11\/Cand-amintirile-noastre-vor-veni-sa-danseze_BT-1290x647.jpg\" alt=\"Cand amintirile noastre vor veni sa danseze_BT\" class=\"wp-image-34842\" srcset=\"https:\/\/serialreaders.com\/blog\/wp-content\/uploads\/2021\/11\/Cand-amintirile-noastre-vor-veni-sa-danseze_BT-1290x647.jpg 1290w, https:\/\/serialreaders.com\/blog\/wp-content\/uploads\/2021\/11\/Cand-amintirile-noastre-vor-veni-sa-danseze_BT-750x376.jpg 750w\" sizes=\"auto, (max-width: 1290px) 100vw, 1290px\" \/><\/figure>\n\n\n\n<figure class=\"wp-block-pullquote\"><blockquote><p><strong>Comand\u0103 c\u0103r\u021bile minunatei Virginie Grimaldi pe <a rel=\"noreferrer noopener\" aria-label=\"Cartepedia, aici (opens in a new tab)\" href=\"https:\/\/www.cartepedia.ro\/f\/search\/virginie%20grimaldi\" target=\"_blank\">Cartepedia, aici<\/a>,&nbsp;pe&nbsp;<a rel=\"noreferrer noopener\" aria-label=\"Libris, aici (opens in a new tab)\" href=\"https:\/\/www.libris.ro\/parfumul-fericirii-e-mai-puternic-cand-ploua-UNI978-973-34-1185-7--p21093164.html\" target=\"_blank\">Libris, aici<\/a>, sau pe&nbsp;<a rel=\"noreferrer noopener\" aria-label=\"Elefant, aici (opens in a new tab)\" href=\"https:\/\/event.2performant.com\/events\/click?ad_type=quicklink&amp;aff_code=6bd550f91&amp;unique=184f69294&amp;redirect_to=https%253A\/\/www.elefant.ro\/list\/carti\/filters\/autor-Virginie%25252BGrimaldi\" target=\"_blank\">Elefant, aici<\/a>&nbsp;&gt;&gt;<\/strong><\/p><\/blockquote><\/figure>\n\n\n\n<p><em>Cover photo: <\/em><a rel=\"noreferrer noopener\" aria-label=\"News.in-24.com (opens in a new tab)\" href=\"https:\/\/news.in-24.com\/lifestyle\/books\/24664.html\" target=\"_blank\"><em>News.in-24.com<\/em><\/a><\/p>\n","protected":false},"excerpt":{"rendered":"<p>\u00cemi place s\u0103 cred c\u0103 dac\u0103 nu ar fi fost perioada aceasta&#8230; aparte, s\u0103-i zicem, ca s\u0103 nu ne stric\u0103m zen-ul, a\u0219 fi avut ocazia, poate, s\u0103 o cunosc personal pe Virginie Grimaldi, noua mea feble\u021be literar\u0103. P\u00e2n\u0103 c\u00e2nd ne&#8230;<\/p>\n","protected":false},"author":3,"featured_media":34826,"comment_status":"open","ping_status":"closed","sticky":false,"template":"","format":"standard","meta":{"_acf_changed":false,"_monsterinsights_skip_tracking":false,"_monsterinsights_sitenote_active":false,"_monsterinsights_sitenote_note":"","_monsterinsights_sitenote_category":0,"_jetpack_newsletter_access":"","_jetpack_dont_email_post_to_subs":false,"_jetpack_newsletter_tier_id":0,"_jetpack_memberships_contains_paywalled_content":false,"_jetpack_memberships_contains_paid_content":false,"footnotes":""},"categories":[1719],"tags":[639,3311,4276,291,76,5573],"class_list":["post-34813","post","type-post","status-publish","format-standard","has-post-thumbnail","hentry","category-interviuri","tag-club-de-carte","tag-editura-univers","tag-featured","tag-interviu","tag-serial-readers","tag-virginie-grimaldi"],"acf":[],"yoast_head":"<!-- This site is optimized with the Yoast SEO plugin v25.7 - https:\/\/yoast.com\/wordpress\/plugins\/seo\/ -->\n<title>Virginie Grimaldi: \u201dFericirea este sub ochii no\u0219tri\u201d<\/title>\n<meta name=\"description\" content=\"Pentru c\u0103 la editura Univers este \u00een preg\u0103tire un nou roman de Virginie Grimaldi, m-am g\u00e2ndit c\u0103 este momentul oportun s\u0103 \u00eempart cu voi acest interviu pe care, p\u00e2n\u0103 acum, l-am p\u0103strat doar pentru mine.\" \/>\n<meta name=\"robots\" content=\"index, follow, max-snippet:-1, max-image-preview:large, max-video-preview:-1\" \/>\n<link rel=\"canonical\" href=\"https:\/\/serialreaders.com\/blog\/virginie-grimaldi-fericirea-este-sub-ochii-nostri\/\" \/>\n<meta property=\"og:locale\" content=\"en_US\" \/>\n<meta property=\"og:type\" content=\"article\" \/>\n<meta property=\"og:title\" content=\"Virginie Grimaldi: \u201dFericirea este sub ochii no\u0219tri\u201d\" \/>\n<meta property=\"og:description\" content=\"Pentru c\u0103 la editura Univers este \u00een preg\u0103tire un nou roman de Virginie Grimaldi, m-am g\u00e2ndit c\u0103 este momentul oportun s\u0103 \u00eempart cu voi acest interviu pe care, p\u00e2n\u0103 acum, l-am p\u0103strat doar pentru mine.\" \/>\n<meta property=\"og:url\" content=\"https:\/\/serialreaders.com\/blog\/virginie-grimaldi-fericirea-este-sub-ochii-nostri\/\" \/>\n<meta property=\"og:site_name\" content=\"Serial Readers\" \/>\n<meta property=\"article:publisher\" content=\"https:\/\/www.facebook.com\/serialreadersro\/\" \/>\n<meta property=\"article:author\" content=\"oanavaleria\" \/>\n<meta property=\"article:published_time\" content=\"2021-11-03T08:10:20+00:00\" \/>\n<meta property=\"article:modified_time\" content=\"2021-11-03T08:10:21+00:00\" \/>\n<meta property=\"og:image\" content=\"https:\/\/serialreaders.com\/blog\/wp-content\/uploads\/2021\/11\/virginie-grimaldi-2.jpg\" \/>\n\t<meta property=\"og:image:width\" content=\"1290\" \/>\n\t<meta property=\"og:image:height\" content=\"500\" \/>\n\t<meta property=\"og:image:type\" content=\"image\/jpeg\" \/>\n<meta name=\"author\" content=\"Miss Valery\" \/>\n<meta name=\"twitter:card\" content=\"summary_large_image\" \/>\n<meta name=\"twitter:creator\" content=\"@serialreaders\" \/>\n<meta name=\"twitter:site\" content=\"@serialreaders\" \/>\n<meta name=\"twitter:label1\" content=\"Written by\" \/>\n\t<meta name=\"twitter:data1\" content=\"Miss Valery\" \/>\n\t<meta name=\"twitter:label2\" content=\"Est. reading time\" \/>\n\t<meta name=\"twitter:data2\" content=\"7 minutes\" \/>\n<script type=\"application\/ld+json\" class=\"yoast-schema-graph\">{\"@context\":\"https:\/\/schema.org\",\"@graph\":[{\"@type\":\"WebPage\",\"@id\":\"https:\/\/serialreaders.com\/blog\/virginie-grimaldi-fericirea-este-sub-ochii-nostri\/\",\"url\":\"https:\/\/serialreaders.com\/blog\/virginie-grimaldi-fericirea-este-sub-ochii-nostri\/\",\"name\":\"Virginie Grimaldi: \u201dFericirea este sub ochii no\u0219tri\u201d\",\"isPartOf\":{\"@id\":\"https:\/\/serialreaders.com\/blog\/#website\"},\"primaryImageOfPage\":{\"@id\":\"https:\/\/serialreaders.com\/blog\/virginie-grimaldi-fericirea-este-sub-ochii-nostri\/#primaryimage\"},\"image\":{\"@id\":\"https:\/\/serialreaders.com\/blog\/virginie-grimaldi-fericirea-este-sub-ochii-nostri\/#primaryimage\"},\"thumbnailUrl\":\"https:\/\/serialreaders.com\/blog\/wp-content\/uploads\/2021\/11\/virginie-grimaldi-2.jpg\",\"datePublished\":\"2021-11-03T08:10:20+00:00\",\"dateModified\":\"2021-11-03T08:10:21+00:00\",\"author\":{\"@id\":\"https:\/\/serialreaders.com\/blog\/#\/schema\/person\/138a1d591a86f159592dffd263f7017c\"},\"description\":\"Pentru c\u0103 la editura Univers este \u00een preg\u0103tire un nou roman de Virginie Grimaldi, m-am g\u00e2ndit c\u0103 este momentul oportun s\u0103 \u00eempart cu voi acest interviu pe care, p\u00e2n\u0103 acum, l-am p\u0103strat doar pentru mine.\",\"breadcrumb\":{\"@id\":\"https:\/\/serialreaders.com\/blog\/virginie-grimaldi-fericirea-este-sub-ochii-nostri\/#breadcrumb\"},\"inLanguage\":\"en-US\",\"potentialAction\":[{\"@type\":\"ReadAction\",\"target\":[\"https:\/\/serialreaders.com\/blog\/virginie-grimaldi-fericirea-este-sub-ochii-nostri\/\"]}]},{\"@type\":\"ImageObject\",\"inLanguage\":\"en-US\",\"@id\":\"https:\/\/serialreaders.com\/blog\/virginie-grimaldi-fericirea-este-sub-ochii-nostri\/#primaryimage\",\"url\":\"https:\/\/serialreaders.com\/blog\/wp-content\/uploads\/2021\/11\/virginie-grimaldi-2.jpg\",\"contentUrl\":\"https:\/\/serialreaders.com\/blog\/wp-content\/uploads\/2021\/11\/virginie-grimaldi-2.jpg\",\"width\":1290,\"height\":500,\"caption\":\"Virginie Grimaldi\"},{\"@type\":\"BreadcrumbList\",\"@id\":\"https:\/\/serialreaders.com\/blog\/virginie-grimaldi-fericirea-este-sub-ochii-nostri\/#breadcrumb\",\"itemListElement\":[{\"@type\":\"ListItem\",\"position\":1,\"name\":\"Blog\",\"item\":\"https:\/\/serialreaders.com\/blog\/\"},{\"@type\":\"ListItem\",\"position\":2,\"name\":\"Interviuri\",\"item\":\"https:\/\/serialreaders.com\/blog\/interviuri\/\"},{\"@type\":\"ListItem\",\"position\":3,\"name\":\"Virginie Grimaldi: \u201dFericirea este sub ochii no\u0219tri\u201d\"}]},{\"@type\":\"WebSite\",\"@id\":\"https:\/\/serialreaders.com\/blog\/#website\",\"url\":\"https:\/\/serialreaders.com\/blog\/\",\"name\":\"Serial Readers\",\"description\":\"Blog de carte\",\"potentialAction\":[{\"@type\":\"SearchAction\",\"target\":{\"@type\":\"EntryPoint\",\"urlTemplate\":\"https:\/\/serialreaders.com\/blog\/?s={search_term_string}\"},\"query-input\":{\"@type\":\"PropertyValueSpecification\",\"valueRequired\":true,\"valueName\":\"search_term_string\"}}],\"inLanguage\":\"en-US\"},{\"@type\":\"Person\",\"@id\":\"https:\/\/serialreaders.com\/blog\/#\/schema\/person\/138a1d591a86f159592dffd263f7017c\",\"name\":\"Miss Valery\",\"image\":{\"@type\":\"ImageObject\",\"inLanguage\":\"en-US\",\"@id\":\"https:\/\/serialreaders.com\/blog\/#\/schema\/person\/image\/\",\"url\":\"https:\/\/secure.gravatar.com\/avatar\/caa3425bb7b8d9ccc529319a2171ee6b955479b11d4b8726856031dc78cddc40?s=96&d=mm&r=g\",\"contentUrl\":\"https:\/\/secure.gravatar.com\/avatar\/caa3425bb7b8d9ccc529319a2171ee6b955479b11d4b8726856031dc78cddc40?s=96&d=mm&r=g\",\"caption\":\"Miss Valery\"},\"description\":\"Miss Valery este co-fondatoarea clubului de carte www.serialreaders.com. Cititoare in serie (cum altfel?) si pasionata de calatorii, filme si evadari, daca nu o vezi citind, inseamna ca e ori plecata prin cine stie ce locuri, ori la cinema, ori evadeaza din vreun escape room. O gasiti si la: viatasiacorddeoane.ro\",\"sameAs\":[\"https:\/\/viatasiacorddeoane.ro\",\"oanavaleria\"],\"url\":\"https:\/\/serialreaders.com\/blog\/author\/missvalery\/\"}]}<\/script>\n<!-- \/ Yoast SEO plugin. -->","yoast_head_json":{"title":"Virginie Grimaldi: \u201dFericirea este sub ochii no\u0219tri\u201d","description":"Pentru c\u0103 la editura Univers este \u00een preg\u0103tire un nou roman de Virginie Grimaldi, m-am g\u00e2ndit c\u0103 este momentul oportun s\u0103 \u00eempart cu voi acest interviu pe care, p\u00e2n\u0103 acum, l-am p\u0103strat doar pentru mine.","robots":{"index":"index","follow":"follow","max-snippet":"max-snippet:-1","max-image-preview":"max-image-preview:large","max-video-preview":"max-video-preview:-1"},"canonical":"https:\/\/serialreaders.com\/blog\/virginie-grimaldi-fericirea-este-sub-ochii-nostri\/","og_locale":"en_US","og_type":"article","og_title":"Virginie Grimaldi: \u201dFericirea este sub ochii no\u0219tri\u201d","og_description":"Pentru c\u0103 la editura Univers este \u00een preg\u0103tire un nou roman de Virginie Grimaldi, m-am g\u00e2ndit c\u0103 este momentul oportun s\u0103 \u00eempart cu voi acest interviu pe care, p\u00e2n\u0103 acum, l-am p\u0103strat doar pentru mine.","og_url":"https:\/\/serialreaders.com\/blog\/virginie-grimaldi-fericirea-este-sub-ochii-nostri\/","og_site_name":"Serial Readers","article_publisher":"https:\/\/www.facebook.com\/serialreadersro\/","article_author":"oanavaleria","article_published_time":"2021-11-03T08:10:20+00:00","article_modified_time":"2021-11-03T08:10:21+00:00","og_image":[{"width":1290,"height":500,"url":"https:\/\/serialreaders.com\/blog\/wp-content\/uploads\/2021\/11\/virginie-grimaldi-2.jpg","type":"image\/jpeg"}],"author":"Miss Valery","twitter_card":"summary_large_image","twitter_creator":"@serialreaders","twitter_site":"@serialreaders","twitter_misc":{"Written by":"Miss Valery","Est. reading time":"7 minutes"},"schema":{"@context":"https:\/\/schema.org","@graph":[{"@type":"WebPage","@id":"https:\/\/serialreaders.com\/blog\/virginie-grimaldi-fericirea-este-sub-ochii-nostri\/","url":"https:\/\/serialreaders.com\/blog\/virginie-grimaldi-fericirea-este-sub-ochii-nostri\/","name":"Virginie Grimaldi: \u201dFericirea este sub ochii no\u0219tri\u201d","isPartOf":{"@id":"https:\/\/serialreaders.com\/blog\/#website"},"primaryImageOfPage":{"@id":"https:\/\/serialreaders.com\/blog\/virginie-grimaldi-fericirea-este-sub-ochii-nostri\/#primaryimage"},"image":{"@id":"https:\/\/serialreaders.com\/blog\/virginie-grimaldi-fericirea-este-sub-ochii-nostri\/#primaryimage"},"thumbnailUrl":"https:\/\/serialreaders.com\/blog\/wp-content\/uploads\/2021\/11\/virginie-grimaldi-2.jpg","datePublished":"2021-11-03T08:10:20+00:00","dateModified":"2021-11-03T08:10:21+00:00","author":{"@id":"https:\/\/serialreaders.com\/blog\/#\/schema\/person\/138a1d591a86f159592dffd263f7017c"},"description":"Pentru c\u0103 la editura Univers este \u00een preg\u0103tire un nou roman de Virginie Grimaldi, m-am g\u00e2ndit c\u0103 este momentul oportun s\u0103 \u00eempart cu voi acest interviu pe care, p\u00e2n\u0103 acum, l-am p\u0103strat doar pentru mine.","breadcrumb":{"@id":"https:\/\/serialreaders.com\/blog\/virginie-grimaldi-fericirea-este-sub-ochii-nostri\/#breadcrumb"},"inLanguage":"en-US","potentialAction":[{"@type":"ReadAction","target":["https:\/\/serialreaders.com\/blog\/virginie-grimaldi-fericirea-este-sub-ochii-nostri\/"]}]},{"@type":"ImageObject","inLanguage":"en-US","@id":"https:\/\/serialreaders.com\/blog\/virginie-grimaldi-fericirea-este-sub-ochii-nostri\/#primaryimage","url":"https:\/\/serialreaders.com\/blog\/wp-content\/uploads\/2021\/11\/virginie-grimaldi-2.jpg","contentUrl":"https:\/\/serialreaders.com\/blog\/wp-content\/uploads\/2021\/11\/virginie-grimaldi-2.jpg","width":1290,"height":500,"caption":"Virginie Grimaldi"},{"@type":"BreadcrumbList","@id":"https:\/\/serialreaders.com\/blog\/virginie-grimaldi-fericirea-este-sub-ochii-nostri\/#breadcrumb","itemListElement":[{"@type":"ListItem","position":1,"name":"Blog","item":"https:\/\/serialreaders.com\/blog\/"},{"@type":"ListItem","position":2,"name":"Interviuri","item":"https:\/\/serialreaders.com\/blog\/interviuri\/"},{"@type":"ListItem","position":3,"name":"Virginie Grimaldi: \u201dFericirea este sub ochii no\u0219tri\u201d"}]},{"@type":"WebSite","@id":"https:\/\/serialreaders.com\/blog\/#website","url":"https:\/\/serialreaders.com\/blog\/","name":"Serial Readers","description":"Blog de carte","potentialAction":[{"@type":"SearchAction","target":{"@type":"EntryPoint","urlTemplate":"https:\/\/serialreaders.com\/blog\/?s={search_term_string}"},"query-input":{"@type":"PropertyValueSpecification","valueRequired":true,"valueName":"search_term_string"}}],"inLanguage":"en-US"},{"@type":"Person","@id":"https:\/\/serialreaders.com\/blog\/#\/schema\/person\/138a1d591a86f159592dffd263f7017c","name":"Miss Valery","image":{"@type":"ImageObject","inLanguage":"en-US","@id":"https:\/\/serialreaders.com\/blog\/#\/schema\/person\/image\/","url":"https:\/\/secure.gravatar.com\/avatar\/caa3425bb7b8d9ccc529319a2171ee6b955479b11d4b8726856031dc78cddc40?s=96&d=mm&r=g","contentUrl":"https:\/\/secure.gravatar.com\/avatar\/caa3425bb7b8d9ccc529319a2171ee6b955479b11d4b8726856031dc78cddc40?s=96&d=mm&r=g","caption":"Miss Valery"},"description":"Miss Valery este co-fondatoarea clubului de carte www.serialreaders.com. Cititoare in serie (cum altfel?) si pasionata de calatorii, filme si evadari, daca nu o vezi citind, inseamna ca e ori plecata prin cine stie ce locuri, ori la cinema, ori evadeaza din vreun escape room. O gasiti si la: viatasiacorddeoane.ro","sameAs":["https:\/\/viatasiacorddeoane.ro","oanavaleria"],"url":"https:\/\/serialreaders.com\/blog\/author\/missvalery\/"}]}},"views":731,"jetpack_featured_media_url":"https:\/\/serialreaders.com\/blog\/wp-content\/uploads\/2021\/11\/virginie-grimaldi-2.jpg","jetpack_sharing_enabled":true,"jetpack_shortlink":"https:\/\/wp.me\/p4phX5-93v","_links":{"self":[{"href":"https:\/\/serialreaders.com\/blog\/wp-json\/wp\/v2\/posts\/34813","targetHints":{"allow":["GET"]}}],"collection":[{"href":"https:\/\/serialreaders.com\/blog\/wp-json\/wp\/v2\/posts"}],"about":[{"href":"https:\/\/serialreaders.com\/blog\/wp-json\/wp\/v2\/types\/post"}],"author":[{"embeddable":true,"href":"https:\/\/serialreaders.com\/blog\/wp-json\/wp\/v2\/users\/3"}],"replies":[{"embeddable":true,"href":"https:\/\/serialreaders.com\/blog\/wp-json\/wp\/v2\/comments?post=34813"}],"version-history":[{"count":16,"href":"https:\/\/serialreaders.com\/blog\/wp-json\/wp\/v2\/posts\/34813\/revisions"}],"predecessor-version":[{"id":34844,"href":"https:\/\/serialreaders.com\/blog\/wp-json\/wp\/v2\/posts\/34813\/revisions\/34844"}],"wp:featuredmedia":[{"embeddable":true,"href":"https:\/\/serialreaders.com\/blog\/wp-json\/wp\/v2\/media\/34826"}],"wp:attachment":[{"href":"https:\/\/serialreaders.com\/blog\/wp-json\/wp\/v2\/media?parent=34813"}],"wp:term":[{"taxonomy":"category","embeddable":true,"href":"https:\/\/serialreaders.com\/blog\/wp-json\/wp\/v2\/categories?post=34813"},{"taxonomy":"post_tag","embeddable":true,"href":"https:\/\/serialreaders.com\/blog\/wp-json\/wp\/v2\/tags?post=34813"}],"curies":[{"name":"wp","href":"https:\/\/api.w.org\/{rel}","templated":true}]}}