{"id":25613,"date":"2017-03-20T08:20:03","date_gmt":"2017-03-20T06:20:03","guid":{"rendered":"http:\/\/blog.serialreaders.com\/?p=25613"},"modified":"2017-03-20T17:01:45","modified_gmt":"2017-03-20T15:01:45","slug":"carti-serbari-scolare","status":"publish","type":"post","link":"https:\/\/serialreaders.com\/blog\/carti-serbari-scolare\/","title":{"rendered":"3 c\u0103r\u021bi excelente pentru cadrele didactice \u00een organizarea serb\u0103rilor \u0219colare"},"content":{"rendered":"<p>Cu to\u021bii ne amintim cu drag de serb\u0103rile din anii copil\u0103riei mici. St\u0103team frumos \u00eembr\u0103ca\u021bi, aranja\u021bi \u00een semicerc, \u0219i recitam \u00een fa\u021ba p\u0103rin\u021bilor poezii sau replici din piese de teatru pe care le-am repetat s\u0103pt\u0103m\u00e2ni la r\u00e2nd. Erau momente unice, c\u00e2nd p\u0103rin\u021bii se adunau la un loc \u0219i ne aplaudau, m\u00e2ndri de reu\u0219itele noastre. Ani la r\u00e2nd am urm\u0103rit-o pe sora mea, cu ceva ani mai mic\u0103 dec\u00e2t mine, cum \u00ee\u0219i lua rolul \u00een serios&#8230; parc\u0103 o aud \u0219i acum, dup\u0103 at\u00e2\u021bia ani: \u201emargareta e regina florilor \u00een plin\u0103 var\u0103&#8230;\u201c.<\/p>\n<p>\u00cen ultimii ani, serb\u0103rile de ziua mamei, de Pa\u0219te, uneori chiar \u0219i cele de Cr\u0103ciun au fost \u00eenlocuite de activit\u0103\u021bi de lucru manual realizate \u00eempreun\u0103 cu p\u0103rin\u021bii, iar asta nu e deloc un lucru r\u0103u. Totu\u0219i lipse\u0219te acea serbare simpl\u0103 \u0219i dr\u0103gu\u021b\u0103&#8230;<\/p>\n<p>\u00cen apropiere de 1 decembrie eram la \u0219coal\u0103 \u0219i doamnele \u00eenv\u0103\u021b\u0103toare c\u0103utau poezii patriotice noi, mai moderne. Toat\u0103 lumea s-a s\u0103turat de acela\u0219i program artistic reluat la nesf\u00e2r\u0219it. Atunci, m\u00e2ndr\u0103, am scos din geant\u0103 volumul \u201eC\u00e2te taine se-ascund, oare&#8230;\u201c, semnat\u0103 de Valeria Tama\u0219, am c\u0103utat repede la cuprins \u0219i am indicat capitolul cu poezii pe aceast\u0103 tem\u0103. Rapid, fotocopiatorul s-a pus \u00een func\u021biune \u0219i 3 doamne \u00eenv\u0103\u021b\u0103toare au ales s\u0103 includ\u0103 \u00een serbarea lor poezii din carte. Acum un exemplar din carte st\u0103 cuminte \u00een raftul bibliotecii \u0219colii \u0219i e scos cu grij\u0103 la fotocopiat pentru toate serb\u0103rile \u0219i materiile cu tematic\u0103 special\u0103.<\/p>\n<p><img loading=\"lazy\" decoding=\"async\" class=\"aligncenter wp-image-25641 size-medium\" src=\"http:\/\/blog.serialreaders.com\/wp-content\/uploads\/2017\/03\/15078997_935732103238329_191232543523117408_n-750x563.jpg\" alt=\"Valeria Tamas\" width=\"750\" height=\"563\" srcset=\"https:\/\/serialreaders.com\/blog\/wp-content\/uploads\/2017\/03\/15078997_935732103238329_191232543523117408_n-750x563.jpg 750w, https:\/\/serialreaders.com\/blog\/wp-content\/uploads\/2017\/03\/15078997_935732103238329_191232543523117408_n.jpg 960w\" sizes=\"auto, (max-width: 750px) 100vw, 750px\" \/><\/p>\n<p>\u201e<a href=\"http:\/\/serialreaders.com\/detalii-carte\/9183-cate-taine-se-ascund-oare.html\" target=\"_blank\">C\u00e2te taine se-ascund, oare&#8230;<\/a>\u201c este o antologie tematic\u0103 de poezii pentru pre\u015fcolari \u015fi \u015fcolari mici semnat\u0103 de prietena \u0219i mentorul meu, Valeria Tama\u0219. Volumul con\u021bine 750 de poezii \u00eemp\u0103r\u021bite \u00een 21 de capitole tematice (208 pagini format A4), con\u021bin\u00e2nd poezii specifice temei anun\u021bate de titlul capitolului. Nu exist\u0103 o tem\u0103 din curricula \u0219colar\u0103 sau din desf\u0103\u0219urarea anului calendaristic care s\u0103 nu fie acoperit\u0103 \u00een cartea Valeriei.<\/p>\n<p><strong>Poezia Valeriei este una copil\u0103roas\u0103, juc\u0103u\u0219\u0103, scris\u0103 \u00een versuri cursive \u0219i line, folosind cuvinte uzuale \u0219i u\u0219or de pronun\u021bat de copiii mici. Sunt poate subiectiv\u0103, o admir enorm pe Valeria pentru lejeritatea cu care scrie versurile, pentru talentul s\u0103u, imagina\u021bia debordant\u0103, prolificitate \u0219i dedicare.<\/strong><\/p>\n<p>Am \u00eentrebat-o pe Valeria de ce scrie texte pentru copii \u0219i ce o motiveaz\u0103. R\u0103spunsul ei m-a bucurat mult: <em>Cuvintele sunt singura avere \u0219i durabil\u0103, \u0219i neperisabil\u0103. Dac\u0103 \u00eei vom \u00eenv\u0103\u021ba pe copii s\u0103 iubeasc\u0103 poezia, \u00eei vom \u00eenv\u0103\u021ba s\u0103 lege prietenii pe via\u021b\u0103. Poezia pentru copii \u00ee\u021bi men\u021bine bucuria de a tr\u0103i, jocul cuvintelor te men\u021bine mereu \u00een form\u0103, devii \u0219i tu p\u0103rticic\u0103 din caruselul cuvintelor \u0219i r\u0103m\u00e2i mereu parte din copil\u0103rie. A scrie pentru copii \u00eenseamn\u0103 s\u0103 nu ui\u021bi niciodat\u0103 s\u0103 te bucuri \u0219i s\u0103 g\u0103se\u0219ti frumosul \u0219i fericirea \u00een toate lucurile m\u0103runte \u0219i ne\u00eensemnate, dar pline de t\u00e2lc.<\/em><\/p>\n<p>Pe scurt, \u201eC\u00e2te taine se-ascund, oare&#8230; \u201c este o antologie de poezii pentru pre\u0219colari \u0219i \u0219colari, un auxiliar didactic excelent \u0219i un suport de n\u0103dejde pentru serb\u0103rile \u0219colare!<\/p>\n<p><img loading=\"lazy\" decoding=\"async\" class=\"aligncenter wp-image-25642 size-medium\" src=\"http:\/\/blog.serialreaders.com\/wp-content\/uploads\/2017\/03\/SceneteSiScenariiSerbari-750x563.jpg\" alt=\"Scenete \u0219i scenarii de serb\u0103ri\" width=\"750\" height=\"563\" srcset=\"https:\/\/serialreaders.com\/blog\/wp-content\/uploads\/2017\/03\/SceneteSiScenariiSerbari-750x563.jpg 750w, https:\/\/serialreaders.com\/blog\/wp-content\/uploads\/2017\/03\/SceneteSiScenariiSerbari.jpg 960w\" sizes=\"auto, (max-width: 750px) 100vw, 750px\" \/><\/p>\n<p>Un alt suport didactic excelent pentru serb\u0103rile \u0219colare este, dup\u0103 cum \u00eei spune \u0219i numele, colec\u021bia <a href=\"http:\/\/serialreaders.com\/search.php?search_category=0&amp;search_term=Scenete+%C8%99i+scenarii+de+serb%C4%83ri&amp;submit_search=\" target=\"_blank\">Scenete \u015fi scenarii de serb\u0103ri<\/a>, coordonat de doamna Anca Bulboac\u0103. \u0218i de aceast\u0103 dat\u0103 sunt extrem de subiectiv\u0103, dar din motive \u0219i mai personale: una dintre piesele de teatru pentru copii scris\u0103 de mine a fost cuprins\u0103 \u00een cel de-al doilea volum al colec\u021biei. Nu \u00eemi mai \u00eencap \u00een piele de m\u00e2ndrie, e o onoare, \u0219tiind c\u00e2t de drastic\u0103 a fost selec\u021bia lucr\u0103rilor. <strong>Volumele sunt o comoar\u0103 pentru cadrele didactice: primul volum se adreseaz\u0103 nivelurilor I \u0219i I-II de gradini\u021b\u0103 \u0219i con\u021bine 42 de scenete \u0219i scenarii, iar volumul al doilea are ca grup \u021bint\u0103 copiii din grupele mari \u0219i \u0219colarii mici \u0219i prezint\u0103 50 de astfel de piese pentru serb\u0103ri.<\/strong> Deci, peste 90 de scenete \u0219i scenarii pentru serb\u0103ri, scrise \u00eentr-un limbaj accesibil copiilor, originale, contemporane, scrise de oameni care chiar lucreaz\u0103 cu copii \u00een activitatea de zi cu zi.<\/p>\n<p>A\u0219adar, dac\u0103 sunte\u021bi cadru didactic din \u00eenv\u0103\u021b\u0103m\u00e2ntul pre\u0219colar sau \u0219colar mic, cu siguran\u021b\u0103 ve\u021bi g\u0103si utile aceste 3 c\u0103r\u021bi de la editura Arlequin! Sunt o surs\u0103 minunat\u0103 de materiale pentru serb\u0103rile ce vor urma \u0219i cu care sigur ve\u021bi impresiona tot auditoriul!<\/p>\n<blockquote>\n<p style=\"text-align: center;\"><strong>C\u0103r\u021bile sunt disponibule pe <\/strong><\/p>\n<\/blockquote>\n<p style=\"text-align: left;\"><em>Foto cover: pinterest.com<br \/>\nFoto articol: arhiva personal\u0103<\/em><\/p>\n","protected":false},"excerpt":{"rendered":"<p>Cu to\u021bii ne amintim cu drag de serb\u0103rile din anii copil\u0103riei mici. St\u0103team frumos \u00eembr\u0103ca\u021bi, aranja\u021bi \u00een semicerc, \u0219i recitam \u00een fa\u021ba p\u0103rin\u021bilor poezii sau replici din piese de teatru pe care le-am repetat s\u0103pt\u0103m\u00e2ni la r\u00e2nd. Erau momente unice,&#8230;<\/p>\n","protected":false},"author":23,"featured_media":25645,"comment_status":"open","ping_status":"closed","sticky":false,"template":"","format":"standard","meta":{"_acf_changed":false,"_monsterinsights_skip_tracking":false,"_monsterinsights_sitenote_active":false,"_monsterinsights_sitenote_note":"","_monsterinsights_sitenote_category":0,"_jetpack_newsletter_access":"","_jetpack_dont_email_post_to_subs":true,"_jetpack_newsletter_tier_id":0,"_jetpack_memberships_contains_paywalled_content":false,"_jetpack_memberships_contains_paid_content":false,"footnotes":""},"categories":[4283],"tags":[3259,639,4276,4711,4710,4709,76],"class_list":["post-25613","post","type-post","status-publish","format-standard","has-post-thumbnail","hentry","category-recomandari","tag-carti-pentru-copii","tag-club-de-carte","tag-featured","tag-scenete","tag-serbare","tag-serbari-scolare","tag-serial-readers"],"acf":[],"yoast_head":"<!-- This site is optimized with the Yoast SEO plugin v25.7 - https:\/\/yoast.com\/wordpress\/plugins\/seo\/ -->\n<title>3 c\u0103r\u021bi excelente pentru cadrele didactice \u00een organizarea serb\u0103rilor \u0219colare | Serial Readers<\/title>\n<meta name=\"description\" content=\"Cu to\u021bii ne amintim cu drag de serb\u0103rile din anii copil\u0103riei mici. St\u0103team frumos \u00eembr\u0103ca\u021bi, aranja\u021bi \u00een semicerc, \u0219i recitam \u00een fa\u021ba p\u0103rin\u021bilor poezii sau replici din piese de teatru pe care le-am repetat s\u0103pt\u0103m\u00e2ni la r\u00e2nd. Erau momente unice, c\u00e2nd p\u0103rin\u021bii se adunau la un loc \u0219i ne aplaudau, m\u00e2ndri de reu\u0219itele noastre.\" \/>\n<meta name=\"robots\" content=\"index, follow, max-snippet:-1, max-image-preview:large, max-video-preview:-1\" \/>\n<link rel=\"canonical\" href=\"https:\/\/serialreaders.com\/blog\/carti-serbari-scolare\/\" \/>\n<meta property=\"og:locale\" content=\"en_US\" \/>\n<meta property=\"og:type\" content=\"article\" \/>\n<meta property=\"og:title\" content=\"3 c\u0103r\u021bi excelente pentru cadrele didactice \u00een organizarea serb\u0103rilor \u0219colare | Serial Readers\" \/>\n<meta property=\"og:description\" content=\"Cu to\u021bii ne amintim cu drag de serb\u0103rile din anii copil\u0103riei mici. St\u0103team frumos \u00eembr\u0103ca\u021bi, aranja\u021bi \u00een semicerc, \u0219i recitam \u00een fa\u021ba p\u0103rin\u021bilor poezii sau replici din piese de teatru pe care le-am repetat s\u0103pt\u0103m\u00e2ni la r\u00e2nd. Erau momente unice, c\u00e2nd p\u0103rin\u021bii se adunau la un loc \u0219i ne aplaudau, m\u00e2ndri de reu\u0219itele noastre.\" \/>\n<meta property=\"og:url\" content=\"https:\/\/serialreaders.com\/blog\/carti-serbari-scolare\/\" \/>\n<meta property=\"og:site_name\" content=\"Serial Readers\" \/>\n<meta property=\"article:publisher\" content=\"https:\/\/www.facebook.com\/serialreadersro\/\" \/>\n<meta property=\"article:author\" content=\"patricia.lidya\" \/>\n<meta property=\"article:published_time\" content=\"2017-03-20T06:20:03+00:00\" \/>\n<meta property=\"article:modified_time\" content=\"2017-03-20T15:01:45+00:00\" \/>\n<meta property=\"og:image\" content=\"https:\/\/serialreaders.com\/blog\/wp-content\/uploads\/2017\/03\/SerbareScolara_Pinterest-1.jpg\" \/>\n\t<meta property=\"og:image:width\" content=\"2591\" \/>\n\t<meta property=\"og:image:height\" content=\"1001\" \/>\n\t<meta property=\"og:image:type\" content=\"image\/jpeg\" \/>\n<meta name=\"author\" content=\"Patricia Lidia\" \/>\n<meta name=\"twitter:card\" content=\"summary_large_image\" \/>\n<meta name=\"twitter:creator\" content=\"@serialreaders\" \/>\n<meta name=\"twitter:site\" content=\"@serialreaders\" \/>\n<meta name=\"twitter:label1\" content=\"Written by\" \/>\n\t<meta name=\"twitter:data1\" content=\"Patricia Lidia\" \/>\n\t<meta name=\"twitter:label2\" content=\"Est. reading time\" \/>\n\t<meta name=\"twitter:data2\" content=\"4 minutes\" \/>\n<script type=\"application\/ld+json\" class=\"yoast-schema-graph\">{\"@context\":\"https:\/\/schema.org\",\"@graph\":[{\"@type\":\"WebPage\",\"@id\":\"https:\/\/serialreaders.com\/blog\/carti-serbari-scolare\/\",\"url\":\"https:\/\/serialreaders.com\/blog\/carti-serbari-scolare\/\",\"name\":\"3 c\u0103r\u021bi excelente pentru cadrele didactice \u00een organizarea serb\u0103rilor \u0219colare | Serial Readers\",\"isPartOf\":{\"@id\":\"https:\/\/serialreaders.com\/blog\/#website\"},\"primaryImageOfPage\":{\"@id\":\"https:\/\/serialreaders.com\/blog\/carti-serbari-scolare\/#primaryimage\"},\"image\":{\"@id\":\"https:\/\/serialreaders.com\/blog\/carti-serbari-scolare\/#primaryimage\"},\"thumbnailUrl\":\"https:\/\/serialreaders.com\/blog\/wp-content\/uploads\/2017\/03\/SerbareScolara_Pinterest-1.jpg\",\"datePublished\":\"2017-03-20T06:20:03+00:00\",\"dateModified\":\"2017-03-20T15:01:45+00:00\",\"author\":{\"@id\":\"https:\/\/serialreaders.com\/blog\/#\/schema\/person\/120e7a75b429189cca16f7eba6ed8a8c\"},\"description\":\"Cu to\u021bii ne amintim cu drag de serb\u0103rile din anii copil\u0103riei mici. St\u0103team frumos \u00eembr\u0103ca\u021bi, aranja\u021bi \u00een semicerc, \u0219i recitam \u00een fa\u021ba p\u0103rin\u021bilor poezii sau replici din piese de teatru pe care le-am repetat s\u0103pt\u0103m\u00e2ni la r\u00e2nd. Erau momente unice, c\u00e2nd p\u0103rin\u021bii se adunau la un loc \u0219i ne aplaudau, m\u00e2ndri de reu\u0219itele noastre.\",\"breadcrumb\":{\"@id\":\"https:\/\/serialreaders.com\/blog\/carti-serbari-scolare\/#breadcrumb\"},\"inLanguage\":\"en-US\",\"potentialAction\":[{\"@type\":\"ReadAction\",\"target\":[\"https:\/\/serialreaders.com\/blog\/carti-serbari-scolare\/\"]}]},{\"@type\":\"ImageObject\",\"inLanguage\":\"en-US\",\"@id\":\"https:\/\/serialreaders.com\/blog\/carti-serbari-scolare\/#primaryimage\",\"url\":\"https:\/\/serialreaders.com\/blog\/wp-content\/uploads\/2017\/03\/SerbareScolara_Pinterest-1.jpg\",\"contentUrl\":\"https:\/\/serialreaders.com\/blog\/wp-content\/uploads\/2017\/03\/SerbareScolara_Pinterest-1.jpg\",\"width\":2591,\"height\":1001},{\"@type\":\"BreadcrumbList\",\"@id\":\"https:\/\/serialreaders.com\/blog\/carti-serbari-scolare\/#breadcrumb\",\"itemListElement\":[{\"@type\":\"ListItem\",\"position\":1,\"name\":\"Blog\",\"item\":\"https:\/\/serialreaders.com\/blog\/\"},{\"@type\":\"ListItem\",\"position\":2,\"name\":\"Articole SR\",\"item\":\"https:\/\/serialreaders.com\/blog\/articole-sr\/\"},{\"@type\":\"ListItem\",\"position\":3,\"name\":\"Recomand\u0103ri\",\"item\":\"https:\/\/serialreaders.com\/blog\/articole-sr\/recomandari\/\"},{\"@type\":\"ListItem\",\"position\":4,\"name\":\"3 c\u0103r\u021bi excelente pentru cadrele didactice \u00een organizarea serb\u0103rilor \u0219colare\"}]},{\"@type\":\"WebSite\",\"@id\":\"https:\/\/serialreaders.com\/blog\/#website\",\"url\":\"https:\/\/serialreaders.com\/blog\/\",\"name\":\"Serial Readers\",\"description\":\"Blog de carte\",\"potentialAction\":[{\"@type\":\"SearchAction\",\"target\":{\"@type\":\"EntryPoint\",\"urlTemplate\":\"https:\/\/serialreaders.com\/blog\/?s={search_term_string}\"},\"query-input\":{\"@type\":\"PropertyValueSpecification\",\"valueRequired\":true,\"valueName\":\"search_term_string\"}}],\"inLanguage\":\"en-US\"},{\"@type\":\"Person\",\"@id\":\"https:\/\/serialreaders.com\/blog\/#\/schema\/person\/120e7a75b429189cca16f7eba6ed8a8c\",\"name\":\"Patricia Lidia\",\"image\":{\"@type\":\"ImageObject\",\"inLanguage\":\"en-US\",\"@id\":\"https:\/\/serialreaders.com\/blog\/#\/schema\/person\/image\/\",\"url\":\"https:\/\/secure.gravatar.com\/avatar\/e18af4acc9e369d526ac1fc8fb54b85e7ce6e202206ba26127a08b9ddcd143ce?s=96&d=mm&r=g\",\"contentUrl\":\"https:\/\/secure.gravatar.com\/avatar\/e18af4acc9e369d526ac1fc8fb54b85e7ce6e202206ba26127a08b9ddcd143ce?s=96&d=mm&r=g\",\"caption\":\"Patricia Lidia\"},\"description\":\"Inginer, femeie \u0219i mam\u0103 \u00een via\u021ba real\u0103, autor de texte pentru copii \u0219i jurnalist cultural neoficial \u00een via\u021ba virtual\u0103...\",\"sameAs\":[\"http:\/\/patricialidia.ro\",\"patricia.lidya\"],\"url\":\"https:\/\/serialreaders.com\/blog\/author\/patricia-lidia\/\"}]}<\/script>\n<!-- \/ Yoast SEO plugin. -->","yoast_head_json":{"title":"3 c\u0103r\u021bi excelente pentru cadrele didactice \u00een organizarea serb\u0103rilor \u0219colare | Serial Readers","description":"Cu to\u021bii ne amintim cu drag de serb\u0103rile din anii copil\u0103riei mici. St\u0103team frumos \u00eembr\u0103ca\u021bi, aranja\u021bi \u00een semicerc, \u0219i recitam \u00een fa\u021ba p\u0103rin\u021bilor poezii sau replici din piese de teatru pe care le-am repetat s\u0103pt\u0103m\u00e2ni la r\u00e2nd. Erau momente unice, c\u00e2nd p\u0103rin\u021bii se adunau la un loc \u0219i ne aplaudau, m\u00e2ndri de reu\u0219itele noastre.","robots":{"index":"index","follow":"follow","max-snippet":"max-snippet:-1","max-image-preview":"max-image-preview:large","max-video-preview":"max-video-preview:-1"},"canonical":"https:\/\/serialreaders.com\/blog\/carti-serbari-scolare\/","og_locale":"en_US","og_type":"article","og_title":"3 c\u0103r\u021bi excelente pentru cadrele didactice \u00een organizarea serb\u0103rilor \u0219colare | Serial Readers","og_description":"Cu to\u021bii ne amintim cu drag de serb\u0103rile din anii copil\u0103riei mici. St\u0103team frumos \u00eembr\u0103ca\u021bi, aranja\u021bi \u00een semicerc, \u0219i recitam \u00een fa\u021ba p\u0103rin\u021bilor poezii sau replici din piese de teatru pe care le-am repetat s\u0103pt\u0103m\u00e2ni la r\u00e2nd. Erau momente unice, c\u00e2nd p\u0103rin\u021bii se adunau la un loc \u0219i ne aplaudau, m\u00e2ndri de reu\u0219itele noastre.","og_url":"https:\/\/serialreaders.com\/blog\/carti-serbari-scolare\/","og_site_name":"Serial Readers","article_publisher":"https:\/\/www.facebook.com\/serialreadersro\/","article_author":"patricia.lidya","article_published_time":"2017-03-20T06:20:03+00:00","article_modified_time":"2017-03-20T15:01:45+00:00","og_image":[{"width":2591,"height":1001,"url":"https:\/\/serialreaders.com\/blog\/wp-content\/uploads\/2017\/03\/SerbareScolara_Pinterest-1.jpg","type":"image\/jpeg"}],"author":"Patricia Lidia","twitter_card":"summary_large_image","twitter_creator":"@serialreaders","twitter_site":"@serialreaders","twitter_misc":{"Written by":"Patricia Lidia","Est. reading time":"4 minutes"},"schema":{"@context":"https:\/\/schema.org","@graph":[{"@type":"WebPage","@id":"https:\/\/serialreaders.com\/blog\/carti-serbari-scolare\/","url":"https:\/\/serialreaders.com\/blog\/carti-serbari-scolare\/","name":"3 c\u0103r\u021bi excelente pentru cadrele didactice \u00een organizarea serb\u0103rilor \u0219colare | Serial Readers","isPartOf":{"@id":"https:\/\/serialreaders.com\/blog\/#website"},"primaryImageOfPage":{"@id":"https:\/\/serialreaders.com\/blog\/carti-serbari-scolare\/#primaryimage"},"image":{"@id":"https:\/\/serialreaders.com\/blog\/carti-serbari-scolare\/#primaryimage"},"thumbnailUrl":"https:\/\/serialreaders.com\/blog\/wp-content\/uploads\/2017\/03\/SerbareScolara_Pinterest-1.jpg","datePublished":"2017-03-20T06:20:03+00:00","dateModified":"2017-03-20T15:01:45+00:00","author":{"@id":"https:\/\/serialreaders.com\/blog\/#\/schema\/person\/120e7a75b429189cca16f7eba6ed8a8c"},"description":"Cu to\u021bii ne amintim cu drag de serb\u0103rile din anii copil\u0103riei mici. St\u0103team frumos \u00eembr\u0103ca\u021bi, aranja\u021bi \u00een semicerc, \u0219i recitam \u00een fa\u021ba p\u0103rin\u021bilor poezii sau replici din piese de teatru pe care le-am repetat s\u0103pt\u0103m\u00e2ni la r\u00e2nd. Erau momente unice, c\u00e2nd p\u0103rin\u021bii se adunau la un loc \u0219i ne aplaudau, m\u00e2ndri de reu\u0219itele noastre.","breadcrumb":{"@id":"https:\/\/serialreaders.com\/blog\/carti-serbari-scolare\/#breadcrumb"},"inLanguage":"en-US","potentialAction":[{"@type":"ReadAction","target":["https:\/\/serialreaders.com\/blog\/carti-serbari-scolare\/"]}]},{"@type":"ImageObject","inLanguage":"en-US","@id":"https:\/\/serialreaders.com\/blog\/carti-serbari-scolare\/#primaryimage","url":"https:\/\/serialreaders.com\/blog\/wp-content\/uploads\/2017\/03\/SerbareScolara_Pinterest-1.jpg","contentUrl":"https:\/\/serialreaders.com\/blog\/wp-content\/uploads\/2017\/03\/SerbareScolara_Pinterest-1.jpg","width":2591,"height":1001},{"@type":"BreadcrumbList","@id":"https:\/\/serialreaders.com\/blog\/carti-serbari-scolare\/#breadcrumb","itemListElement":[{"@type":"ListItem","position":1,"name":"Blog","item":"https:\/\/serialreaders.com\/blog\/"},{"@type":"ListItem","position":2,"name":"Articole SR","item":"https:\/\/serialreaders.com\/blog\/articole-sr\/"},{"@type":"ListItem","position":3,"name":"Recomand\u0103ri","item":"https:\/\/serialreaders.com\/blog\/articole-sr\/recomandari\/"},{"@type":"ListItem","position":4,"name":"3 c\u0103r\u021bi excelente pentru cadrele didactice \u00een organizarea serb\u0103rilor \u0219colare"}]},{"@type":"WebSite","@id":"https:\/\/serialreaders.com\/blog\/#website","url":"https:\/\/serialreaders.com\/blog\/","name":"Serial Readers","description":"Blog de carte","potentialAction":[{"@type":"SearchAction","target":{"@type":"EntryPoint","urlTemplate":"https:\/\/serialreaders.com\/blog\/?s={search_term_string}"},"query-input":{"@type":"PropertyValueSpecification","valueRequired":true,"valueName":"search_term_string"}}],"inLanguage":"en-US"},{"@type":"Person","@id":"https:\/\/serialreaders.com\/blog\/#\/schema\/person\/120e7a75b429189cca16f7eba6ed8a8c","name":"Patricia Lidia","image":{"@type":"ImageObject","inLanguage":"en-US","@id":"https:\/\/serialreaders.com\/blog\/#\/schema\/person\/image\/","url":"https:\/\/secure.gravatar.com\/avatar\/e18af4acc9e369d526ac1fc8fb54b85e7ce6e202206ba26127a08b9ddcd143ce?s=96&d=mm&r=g","contentUrl":"https:\/\/secure.gravatar.com\/avatar\/e18af4acc9e369d526ac1fc8fb54b85e7ce6e202206ba26127a08b9ddcd143ce?s=96&d=mm&r=g","caption":"Patricia Lidia"},"description":"Inginer, femeie \u0219i mam\u0103 \u00een via\u021ba real\u0103, autor de texte pentru copii \u0219i jurnalist cultural neoficial \u00een via\u021ba virtual\u0103...","sameAs":["http:\/\/patricialidia.ro","patricia.lidya"],"url":"https:\/\/serialreaders.com\/blog\/author\/patricia-lidia\/"}]}},"views":2113,"jetpack_featured_media_url":"https:\/\/serialreaders.com\/blog\/wp-content\/uploads\/2017\/03\/SerbareScolara_Pinterest-1.jpg","jetpack_sharing_enabled":true,"jetpack_shortlink":"https:\/\/wp.me\/p4phX5-6F7","_links":{"self":[{"href":"https:\/\/serialreaders.com\/blog\/wp-json\/wp\/v2\/posts\/25613","targetHints":{"allow":["GET"]}}],"collection":[{"href":"https:\/\/serialreaders.com\/blog\/wp-json\/wp\/v2\/posts"}],"about":[{"href":"https:\/\/serialreaders.com\/blog\/wp-json\/wp\/v2\/types\/post"}],"author":[{"embeddable":true,"href":"https:\/\/serialreaders.com\/blog\/wp-json\/wp\/v2\/users\/23"}],"replies":[{"embeddable":true,"href":"https:\/\/serialreaders.com\/blog\/wp-json\/wp\/v2\/comments?post=25613"}],"version-history":[{"count":8,"href":"https:\/\/serialreaders.com\/blog\/wp-json\/wp\/v2\/posts\/25613\/revisions"}],"predecessor-version":[{"id":25658,"href":"https:\/\/serialreaders.com\/blog\/wp-json\/wp\/v2\/posts\/25613\/revisions\/25658"}],"wp:featuredmedia":[{"embeddable":true,"href":"https:\/\/serialreaders.com\/blog\/wp-json\/wp\/v2\/media\/25645"}],"wp:attachment":[{"href":"https:\/\/serialreaders.com\/blog\/wp-json\/wp\/v2\/media?parent=25613"}],"wp:term":[{"taxonomy":"category","embeddable":true,"href":"https:\/\/serialreaders.com\/blog\/wp-json\/wp\/v2\/categories?post=25613"},{"taxonomy":"post_tag","embeddable":true,"href":"https:\/\/serialreaders.com\/blog\/wp-json\/wp\/v2\/tags?post=25613"}],"curies":[{"name":"wp","href":"https:\/\/api.w.org\/{rel}","templated":true}]}}